{"id":256,"date":"2019-03-21T10:21:04","date_gmt":"2019-03-21T09:21:04","guid":{"rendered":"https:\/\/ostravskamuzejninoc.cz\/2019\/?p=256"},"modified":"2019-06-03T12:23:39","modified_gmt":"2019-06-03T10:23:39","slug":"dul-michal","status":"publish","type":"post","link":"https:\/\/2019.ostravskamuzejninoc.cz\/en\/dul-michal\/","title":{"rendered":"Coal Mine Michal"},"content":{"rendered":"<h1>Coal Mine Michal<\/h1>\n<h3>18.00\u201324.00 Coal Mine Michal history in pictures<\/h3>\n<p>At 18.00 a festive opening of an exposition in the chain cloakroom covering the history of Coal Mine Michal will be presented using photos and documents from that era. During the whole evening mining and urban historians, contemporaries, and people from mining practice will be adding interesting facts about the past of Mine Michal. Workshops for kids in the chain cloakroom &#8211; casting metal badges. Booking ahead is not needed.<\/p>\n<h3>19.00\u201320.00, 20.30\u201321.30, 22.00\u201323.00 Night tour of Coal Mine Michal with a guide<\/h3>\n<p>There will be three special night guided tours of the Coal Mine Michal during the evening. Those interested in excursion will pass through the administrative building to the mining tower, through the area of the mine and conclude the tour next to a functional steam machine. Booking ahead is not needed.<\/p>\n<h3>19.00\u201321.30 Craft activity programme for kids on the exposition Lasotov\u00e1\/Lasota<\/h3>\n<p>A craft workshop for kids takes place in the guild room of Coal Mine Michal and is prepared to accompany the exposition project by Ostrava conceptual artists D\u00e1\u0161aLasotov\u00e1 and Milan Lasota. The programme is suitable for kids from 4 to 15 years.Children are welcome to join any time between 19.00\u201321.30.The programme will be supervised by students of the Department of Visual Arts Education of the Faculty of Education of the University of Ostrava.Booking ahead is not needed.<\/p>\n<div class='content-column two_third'><div style=\"padding-right:30px;\"><h4>CONTACT:<\/h4>\n<p>Coal Mine Michal<br \/>\n\u010cSA 95\/413<br \/>\n715 00 Ostrava-Mich\u00e1lkovice<br \/>\n<a href=\"mailto:dulmichal@npu.cz\">dulmichal@npu.cz<\/a><br \/>\n<a href=\"https:\/\/www.dul-michal.cz\/\" target=\"_blank\" rel=\"noopener noreferrer\">www.dul-michal.cz<\/a><br \/>\nP +420 724 664 010<\/p><\/div><\/div>\n<div class='content-column one_third last_column'><div style=\"padding-right:0px;\"><img loading=\"lazy\" class=\"alignright wp-image-259\" src=\"https:\/\/2019.ostravskamuzejninoc.cz\/wp-content\/uploads\/2019\/03\/dul_michal_logo_295x296.png\" alt=\"\" width=\"150\" height=\"151\" srcset=\"https:\/\/2019.ostravskamuzejninoc.cz\/wp-content\/uploads\/2019\/03\/dul_michal_logo_295x296.png 295w, https:\/\/2019.ostravskamuzejninoc.cz\/wp-content\/uploads\/2019\/03\/dul_michal_logo_295x296-150x150.png 150w\" sizes=\"(max-width: 150px) 100vw, 150px\" \/><\/p><\/div><\/div><div class='clear_column'><\/div>\n","protected":false},"excerpt":{"rendered":"<p> &hellip;<\/p>\n","protected":false},"author":1,"featured_media":783,"comment_status":"closed","ping_status":"closed","sticky":false,"template":"","format":"standard","meta":[],"categories":[4],"tags":[],"_links":{"self":[{"href":"https:\/\/2019.ostravskamuzejninoc.cz\/en\/wp-json\/wp\/v2\/posts\/256"}],"collection":[{"href":"https:\/\/2019.ostravskamuzejninoc.cz\/en\/wp-json\/wp\/v2\/posts"}],"about":[{"href":"https:\/\/2019.ostravskamuzejninoc.cz\/en\/wp-json\/wp\/v2\/types\/post"}],"author":[{"embeddable":true,"href":"https:\/\/2019.ostravskamuzejninoc.cz\/en\/wp-json\/wp\/v2\/users\/1"}],"replies":[{"embeddable":true,"href":"https:\/\/2019.ostravskamuzejninoc.cz\/en\/wp-json\/wp\/v2\/comments?post=256"}],"version-history":[{"count":18,"href":"https:\/\/2019.ostravskamuzejninoc.cz\/en\/wp-json\/wp\/v2\/posts\/256\/revisions"}],"predecessor-version":[{"id":1256,"href":"https:\/\/2019.ostravskamuzejninoc.cz\/en\/wp-json\/wp\/v2\/posts\/256\/revisions\/1256"}],"wp:featuredmedia":[{"embeddable":true,"href":"https:\/\/2019.ostravskamuzejninoc.cz\/en\/wp-json\/wp\/v2\/media\/783"}],"wp:attachment":[{"href":"https:\/\/2019.ostravskamuzejninoc.cz\/en\/wp-json\/wp\/v2\/media?parent=256"}],"wp:term":[{"taxonomy":"category","embeddable":true,"href":"https:\/\/2019.ostravskamuzejninoc.cz\/en\/wp-json\/wp\/v2\/categories?post=256"},{"taxonomy":"post_tag","embeddable":true,"href":"https:\/\/2019.ostravskamuzejninoc.cz\/en\/wp-json\/wp\/v2\/tags?post=256"}],"curies":[{"name":"wp","href":"https:\/\/api.w.org\/{rel}","templated":true}]}}