{"id":158,"date":"2019-03-21T08:12:37","date_gmt":"2019-03-21T07:12:37","guid":{"rendered":"https:\/\/ostravskamuzejninoc.cz\/2019\/?p=158"},"modified":"2019-05-27T18:59:54","modified_gmt":"2019-05-27T16:59:54","slug":"plato","status":"publish","type":"post","link":"https:\/\/2019.ostravskamuzejninoc.cz\/pl\/plato\/","title":{"rendered":"Plato"},"content":{"rendered":"<h1>Plato<\/h1>\n<p>Miejska galeria PLATO r\u00f3wnie\u017c w tym roku do\u0142\u0105cza si\u0119 do centralnego tematu Ostrawskiej Nocy Muze\u00f3w, kt\u00f3rym jest klucz jako symbol odzyskanej wolno\u015bci.<\/p>\n<h3>17.00\u201321.45 Warsztaty<\/h3>\n<h3>Improwizacje na temat klucza<\/h3>\n<p>Wytwarzanie instalacji d\u017awi\u0119kowych i instrument\u00f3w muzycznych z kluczy.<\/p>\n<h3>Mur wolno\u015bci<\/h3>\n<p>Informacje pisane na maszynie do pisania i prezentacja powielarki.<\/p>\n<h3>Kino przez dziurk\u0119 od klucza<\/h3>\n<p>Galeryjny peep show<\/p>\n<h3>W\u0119dkowanie w basenie<\/h3>\n<p>Czy Pa\u0144stwo kiedykolwiek spr\u00f3bowali \u0142owi\u0107 klucze w basenie? Konkurs!<\/p>\n<h3>22.00 Orkiestra kluczy<\/h3>\n<p>Wsp\u00f3lna kropka na zako\u0144czenie<\/p>\n<h3>WYSTAWY<\/h3>\n<h3>bauhausTWINS<\/h3>\n<p>Instalacja architekt\u00f3w ze Stowarzyszenia zukunftsgeraeusche<\/p>\n<h3>Tymczasowe struktury<\/h3>\n<p>Biblioteka, bistro, sklepik, ogr\u00f3d, szatnia, infopoint, kino, stage, displej, jako site-specific artefakty artystyczne.<\/p>\n<h3>Lucie Rosenfeldowa<\/h3>\n<p>Wystawa jednego dzie\u0142a dla szatni PLATO<\/p>\n<h3>Geopo\u0142o\u017cenie<\/h3>\n<p>Dzielimy si\u0119 minera\u0142ami i kamieniami p\u00f3\u0142szlachetnymi. Mog\u0105 Pa\u0144stwo pobra\u0107 kamie\u0144 z ogr\u00f3dka lub przynie\u015b\u0107 oryginalny w\u0142asny!<\/p>\n<h3>PLATO<\/h3>\n<p>Przestrze\u0144 dla sztuki<\/p>\n<ul>\n<li>Wn\u0119trze jako dzie\u0142o sztuki 18 artyst\u00f3w<\/li>\n<li>Inspiruj\u0105ca biblioteka z czytelni\u0105 i wypo\u017cyczalni\u0105 do domu<\/li>\n<li>Wyj\u0105tkowy wyb\u00f3r ksi\u0105\u017cek w sklepie<\/li>\n<li>Bistro i post-apokaliptyczny ogr\u00f3d<\/li>\n<li>W \u015brody otwarte do godz. 20<\/li>\n<li>Kino-pi\u0105tki w oryginalnej sali kinowej<\/li>\n<\/ul>\n<p>Do przygotowania tegorocznego programu OMN zaprosili\u015bmy tak\u017ce artyst\u0119 Macieja Franka a Iva \u0160kutu.<\/p>\n<div class='content-column two_third'><div style=\"padding-right:30px;\"><h4>KONTAKT:<\/h4>\n<p>PLATO Ostrava, p\u0159\u00edsp\u011bvkov\u00e1 organizace<br \/>\n<strong>Jan\u00e1\u010dkova 22 (b\u00fdval\u00fd hobbymarket Bauhaus v centru)<\/strong><br \/>\n<a href=\"mailto:info@plato-ostrava.cz\">info@plato-ostrava.cz<\/a><br \/>\n<a href=\"https:\/\/www.plato-ostrava.cz\/\" target=\"_blank\" rel=\"noopener noreferrer\">www.plato-ostrava.cz<\/a><br \/>\n+420 702 206 099<\/p><\/div><\/div>\n<div class='content-column one_third last_column'><div style=\"padding-right:0px;\"><p><img loading=\"lazy\" class=\"alignright wp-image-160\" src=\"https:\/\/2019.ostravskamuzejninoc.cz\/wp-content\/uploads\/2019\/03\/PLATO_logo_K.png\" alt=\"\" width=\"200\" height=\"48\" \/><\/div><\/div><div class='clear_column'><\/div>\n","protected":false},"excerpt":{"rendered":"<p> &hellip;<\/p>\n","protected":false},"author":1,"featured_media":836,"comment_status":"closed","ping_status":"closed","sticky":false,"template":"","format":"standard","meta":[],"categories":[4],"tags":[],"_links":{"self":[{"href":"https:\/\/2019.ostravskamuzejninoc.cz\/pl\/wp-json\/wp\/v2\/posts\/158"}],"collection":[{"href":"https:\/\/2019.ostravskamuzejninoc.cz\/pl\/wp-json\/wp\/v2\/posts"}],"about":[{"href":"https:\/\/2019.ostravskamuzejninoc.cz\/pl\/wp-json\/wp\/v2\/types\/post"}],"author":[{"embeddable":true,"href":"https:\/\/2019.ostravskamuzejninoc.cz\/pl\/wp-json\/wp\/v2\/users\/1"}],"replies":[{"embeddable":true,"href":"https:\/\/2019.ostravskamuzejninoc.cz\/pl\/wp-json\/wp\/v2\/comments?post=158"}],"version-history":[{"count":27,"href":"https:\/\/2019.ostravskamuzejninoc.cz\/pl\/wp-json\/wp\/v2\/posts\/158\/revisions"}],"predecessor-version":[{"id":1197,"href":"https:\/\/2019.ostravskamuzejninoc.cz\/pl\/wp-json\/wp\/v2\/posts\/158\/revisions\/1197"}],"wp:featuredmedia":[{"embeddable":true,"href":"https:\/\/2019.ostravskamuzejninoc.cz\/pl\/wp-json\/wp\/v2\/media\/836"}],"wp:attachment":[{"href":"https:\/\/2019.ostravskamuzejninoc.cz\/pl\/wp-json\/wp\/v2\/media?parent=158"}],"wp:term":[{"taxonomy":"category","embeddable":true,"href":"https:\/\/2019.ostravskamuzejninoc.cz\/pl\/wp-json\/wp\/v2\/categories?post=158"},{"taxonomy":"post_tag","embeddable":true,"href":"https:\/\/2019.ostravskamuzejninoc.cz\/pl\/wp-json\/wp\/v2\/tags?post=158"}],"curies":[{"name":"wp","href":"https:\/\/api.w.org\/{rel}","templated":true}]}}